{"id":24383,"date":"2015-11-03T00:00:00","date_gmt":"2015-11-03T00:00:00","guid":{"rendered":"https:\/\/www.idp.es\/enric-blasco-ha-participado-en-el-desayuno-coloquio-brasil-oportunidades-y-riesgos-en-el-actual-escenario-politico-economico\/"},"modified":"2022-09-21T15:49:40","modified_gmt":"2022-09-21T15:49:40","slug":"enric-blasco-ha-participado-en-el-desayuno-coloquio-brasil-oportunidades-y-riesgos-en-el-actual-escenario-politico-economico","status":"publish","type":"post","link":"https:\/\/www.idp.es\/en\/enric-blasco-ha-participado-en-el-desayuno-coloquio-brasil-oportunidades-y-riesgos-en-el-actual-escenario-politico-economico\/","title":{"rendered":"Enric Blasco has taken part at the colloquium BREAKFAST \u201cBrazil: Opportunities and risks in the current political-economic scenario\u201d"},"content":{"rendered":"<p style=\"text-align: justify;\">Enric Blasco president the IDP Engineering Group has taken part at the Colloquium Breakfast \u201cBrazil: Risks in the current Political-Economic Scenario\u201d organized by the prestigious law firm Roca Junyent and the Brazil-Catalonia Chamber of Commerce.<\/p>\n<p style=\"text-align: justify;\">In particular, he has intervened, together with Josep Barber\u00e0 CFO at Grupo Privalia with Juan Manuel Caserza Director General at Mondial Europa, in the roundtable with participants from different sectors companies that have explained their experiences in Brazil, their current vision and their future perspectives.<\/p>\n<p style=\"text-align: justify;\">Enric has detailed the groups strategy that took IDP to start working in the Brazilian market in 2011, the accomplishments that the company has gained since then thru a strong implementation with the companies three offices in Brazil (in the southern region in Florianopolis, in the center region in Rio de Janeiro and in the northern region in Bel\u00e9m) and currently working in 6 of the main Brazilian states (Santa Catarina, Mina Gerais, Sao Paulo, Rio de Janeiro, Bah\u00eda y Par\u00e1) and the companies future perspectives. He announced that this 2015, the company will close with a business turnover that will overcome a 30% respect last exercise.<\/p>\n<p>&nbsp;<\/p>\n","protected":false},"excerpt":{"rendered":"<p>Enric Blasco president the IDP Engineering Group has taken part at the Colloquium Breakfast \u201cBrazil: Risks in the current Political-Economic Scenario\u201d organized by the prestigious law firm Roca Junyent and the Brazil-Catalonia Chamber of Commerce. In particular, he has intervened, together with Josep Barber\u00e0 CFO at Grupo Privalia with Juan Manuel Caserza Director General at [&hellip;]<\/p>\n","protected":false},"author":15,"featured_media":17496,"comment_status":"closed","ping_status":"closed","sticky":false,"template":"","format":"standard","meta":{"_acf_changed":false,"inline_featured_image":false,"_vp_format_video_url":"","_vp_image_focal_point":[],"footnotes":""},"categories":[2606],"tags":[],"class_list":["post-24383","post","type-post","status-publish","format-standard","has-post-thumbnail","hentry","category-corporate"],"acf":[],"yoast_head":"<!-- This site is optimized with the Yoast SEO plugin v27.0 - https:\/\/yoast.com\/product\/yoast-seo-wordpress\/ -->\n<title>Enric Blasco has taken part at the colloquium BREAKFAST \u201cBrazil: Opportunities and risks in the current political-economic scenario\u201d - IDP - ingenier\u00eda \u00b7 medio ambiente \u00b7 arquitectura<\/title>\n<meta name=\"robots\" content=\"index, follow, max-snippet:-1, max-image-preview:large, max-video-preview:-1\" \/>\n<link rel=\"canonical\" href=\"https:\/\/www.idp.es\/en\/enric-blasco-ha-participado-en-el-desayuno-coloquio-brasil-oportunidades-y-riesgos-en-el-actual-escenario-politico-economico\/\" \/>\n<meta property=\"og:locale\" content=\"en_US\" \/>\n<meta property=\"og:type\" content=\"article\" \/>\n<meta property=\"og:title\" content=\"Enric Blasco has taken part at the colloquium BREAKFAST \u201cBrazil: Opportunities and risks in the current political-economic scenario\u201d - IDP - ingenier\u00eda \u00b7 medio ambiente \u00b7 arquitectura\" \/>\n<meta property=\"og:description\" content=\"Enric Blasco president the IDP Engineering Group has taken part at the Colloquium Breakfast \u201cBrazil: Risks in the current Political-Economic Scenario\u201d organized by the prestigious law firm Roca Junyent and the Brazil-Catalonia Chamber of Commerce. In particular, he has intervened, together with Josep Barber\u00e0 CFO at Grupo Privalia with Juan Manuel Caserza Director General at [&hellip;]\" \/>\n<meta property=\"og:url\" content=\"https:\/\/www.idp.es\/en\/enric-blasco-ha-participado-en-el-desayuno-coloquio-brasil-oportunidades-y-riesgos-en-el-actual-escenario-politico-economico\/\" \/>\n<meta property=\"og:site_name\" content=\"IDP - ingenier\u00eda \u00b7 medio ambiente \u00b7 arquitectura\" \/>\n<meta property=\"article:published_time\" content=\"2015-11-03T00:00:00+00:00\" \/>\n<meta property=\"article:modified_time\" content=\"2022-09-21T15:49:40+00:00\" \/>\n<meta property=\"og:image\" content=\"https:\/\/www.idp.es\/wp-content\/uploads\/2018\/04\/cloquio-brasil.jpg\" \/>\n\t<meta property=\"og:image:width\" content=\"600\" \/>\n\t<meta property=\"og:image:height\" content=\"400\" \/>\n\t<meta property=\"og:image:type\" content=\"image\/jpeg\" \/>\n<meta name=\"author\" content=\"idp\" \/>\n<meta name=\"twitter:card\" content=\"summary_large_image\" \/>\n<meta name=\"twitter:label1\" content=\"Written by\" \/>\n\t<meta name=\"twitter:data1\" content=\"idp\" \/>\n\t<meta name=\"twitter:label2\" content=\"Est. reading time\" \/>\n\t<meta name=\"twitter:data2\" content=\"2 minutes\" \/>\n<script type=\"application\/ld+json\" class=\"yoast-schema-graph\">{\"@context\":\"https:\/\/schema.org\",\"@graph\":[{\"@type\":\"Article\",\"@id\":\"https:\/\/www.idp.es\/en\/enric-blasco-ha-participado-en-el-desayuno-coloquio-brasil-oportunidades-y-riesgos-en-el-actual-escenario-politico-economico\/#article\",\"isPartOf\":{\"@id\":\"https:\/\/www.idp.es\/en\/enric-blasco-ha-participado-en-el-desayuno-coloquio-brasil-oportunidades-y-riesgos-en-el-actual-escenario-politico-economico\/\"},\"author\":{\"name\":\"idp\",\"@id\":\"https:\/\/www.idp.es\/en\/#\/schema\/person\/9b6c9c23f3938dbdb03b9944ebf4a88d\"},\"headline\":\"Enric Blasco has taken part at the colloquium BREAKFAST \u201cBrazil: Opportunities and risks in the current political-economic scenario\u201d\",\"datePublished\":\"2015-11-03T00:00:00+00:00\",\"dateModified\":\"2022-09-21T15:49:40+00:00\",\"mainEntityOfPage\":{\"@id\":\"https:\/\/www.idp.es\/en\/enric-blasco-ha-participado-en-el-desayuno-coloquio-brasil-oportunidades-y-riesgos-en-el-actual-escenario-politico-economico\/\"},\"wordCount\":204,\"publisher\":{\"@id\":\"https:\/\/www.idp.es\/en\/#organization\"},\"image\":{\"@id\":\"https:\/\/www.idp.es\/en\/enric-blasco-ha-participado-en-el-desayuno-coloquio-brasil-oportunidades-y-riesgos-en-el-actual-escenario-politico-economico\/#primaryimage\"},\"thumbnailUrl\":\"https:\/\/www.idp.es\/wp-content\/uploads\/2018\/04\/cloquio-brasil.jpg\",\"articleSection\":[\"Corporate\"],\"inLanguage\":\"en-US\"},{\"@type\":\"WebPage\",\"@id\":\"https:\/\/www.idp.es\/en\/enric-blasco-ha-participado-en-el-desayuno-coloquio-brasil-oportunidades-y-riesgos-en-el-actual-escenario-politico-economico\/\",\"url\":\"https:\/\/www.idp.es\/en\/enric-blasco-ha-participado-en-el-desayuno-coloquio-brasil-oportunidades-y-riesgos-en-el-actual-escenario-politico-economico\/\",\"name\":\"Enric Blasco has taken part at the colloquium BREAKFAST \u201cBrazil: Opportunities and risks in the current political-economic scenario\u201d - IDP - ingenier\u00eda \u00b7 medio ambiente \u00b7 arquitectura\",\"isPartOf\":{\"@id\":\"https:\/\/www.idp.es\/en\/#website\"},\"primaryImageOfPage\":{\"@id\":\"https:\/\/www.idp.es\/en\/enric-blasco-ha-participado-en-el-desayuno-coloquio-brasil-oportunidades-y-riesgos-en-el-actual-escenario-politico-economico\/#primaryimage\"},\"image\":{\"@id\":\"https:\/\/www.idp.es\/en\/enric-blasco-ha-participado-en-el-desayuno-coloquio-brasil-oportunidades-y-riesgos-en-el-actual-escenario-politico-economico\/#primaryimage\"},\"thumbnailUrl\":\"https:\/\/www.idp.es\/wp-content\/uploads\/2018\/04\/cloquio-brasil.jpg\",\"datePublished\":\"2015-11-03T00:00:00+00:00\",\"dateModified\":\"2022-09-21T15:49:40+00:00\",\"breadcrumb\":{\"@id\":\"https:\/\/www.idp.es\/en\/enric-blasco-ha-participado-en-el-desayuno-coloquio-brasil-oportunidades-y-riesgos-en-el-actual-escenario-politico-economico\/#breadcrumb\"},\"inLanguage\":\"en-US\",\"potentialAction\":[{\"@type\":\"ReadAction\",\"target\":[\"https:\/\/www.idp.es\/en\/enric-blasco-ha-participado-en-el-desayuno-coloquio-brasil-oportunidades-y-riesgos-en-el-actual-escenario-politico-economico\/\"]}]},{\"@type\":\"ImageObject\",\"inLanguage\":\"en-US\",\"@id\":\"https:\/\/www.idp.es\/en\/enric-blasco-ha-participado-en-el-desayuno-coloquio-brasil-oportunidades-y-riesgos-en-el-actual-escenario-politico-economico\/#primaryimage\",\"url\":\"https:\/\/www.idp.es\/wp-content\/uploads\/2018\/04\/cloquio-brasil.jpg\",\"contentUrl\":\"https:\/\/www.idp.es\/wp-content\/uploads\/2018\/04\/cloquio-brasil.jpg\",\"width\":600,\"height\":400,\"caption\":\"coloquio-brasil\"},{\"@type\":\"BreadcrumbList\",\"@id\":\"https:\/\/www.idp.es\/en\/enric-blasco-ha-participado-en-el-desayuno-coloquio-brasil-oportunidades-y-riesgos-en-el-actual-escenario-politico-economico\/#breadcrumb\",\"itemListElement\":[{\"@type\":\"ListItem\",\"position\":1,\"name\":\"Portada\",\"item\":\"https:\/\/www.idp.es\/en\/\"},{\"@type\":\"ListItem\",\"position\":2,\"name\":\"Enric Blasco has taken part at the colloquium BREAKFAST \u201cBrazil: Opportunities and risks in the current political-economic scenario\u201d\"}]},{\"@type\":\"WebSite\",\"@id\":\"https:\/\/www.idp.es\/en\/#website\",\"url\":\"https:\/\/www.idp.es\/en\/\",\"name\":\"IDP - ingenier\u00eda \u00b7 medio ambiente \u00b7 arquitectura\",\"description\":\"IDP INGENIERIA Y ARQUITECTURA IBERIA SL\",\"publisher\":{\"@id\":\"https:\/\/www.idp.es\/en\/#organization\"},\"potentialAction\":[{\"@type\":\"SearchAction\",\"target\":{\"@type\":\"EntryPoint\",\"urlTemplate\":\"https:\/\/www.idp.es\/en\/?s={search_term_string}\"},\"query-input\":{\"@type\":\"PropertyValueSpecification\",\"valueRequired\":true,\"valueName\":\"search_term_string\"}}],\"inLanguage\":\"en-US\"},{\"@type\":\"Organization\",\"@id\":\"https:\/\/www.idp.es\/en\/#organization\",\"name\":\"IDP\",\"url\":\"https:\/\/www.idp.es\/en\/\",\"logo\":{\"@type\":\"ImageObject\",\"inLanguage\":\"en-US\",\"@id\":\"https:\/\/www.idp.es\/en\/#\/schema\/logo\/image\/\",\"url\":\"https:\/\/www.idp.es\/wp-content\/uploads\/2018\/02\/logoIDP.jpg\",\"contentUrl\":\"https:\/\/www.idp.es\/wp-content\/uploads\/2018\/02\/logoIDP.jpg\",\"width\":210,\"height\":65,\"caption\":\"IDP\"},\"image\":{\"@id\":\"https:\/\/www.idp.es\/en\/#\/schema\/logo\/image\/\"}},{\"@type\":\"Person\",\"@id\":\"https:\/\/www.idp.es\/en\/#\/schema\/person\/9b6c9c23f3938dbdb03b9944ebf4a88d\",\"name\":\"idp\",\"image\":{\"@type\":\"ImageObject\",\"inLanguage\":\"en-US\",\"@id\":\"https:\/\/www.idp.es\/en\/#\/schema\/person\/image\/\",\"url\":\"https:\/\/secure.gravatar.com\/avatar\/d5f1a0538eeaa221effdfaa32960f0de2b098299d33ffbe9e2d4e4873ff020fa?s=96&d=mm&r=g\",\"contentUrl\":\"https:\/\/secure.gravatar.com\/avatar\/d5f1a0538eeaa221effdfaa32960f0de2b098299d33ffbe9e2d4e4873ff020fa?s=96&d=mm&r=g\",\"caption\":\"idp\"},\"url\":\"https:\/\/www.idp.es\/en\/author\/idp\/\"}]}<\/script>\n<!-- \/ Yoast SEO plugin. -->","yoast_head_json":{"title":"Enric Blasco has taken part at the colloquium BREAKFAST \u201cBrazil: Opportunities and risks in the current political-economic scenario\u201d - IDP - ingenier\u00eda \u00b7 medio ambiente \u00b7 arquitectura","robots":{"index":"index","follow":"follow","max-snippet":"max-snippet:-1","max-image-preview":"max-image-preview:large","max-video-preview":"max-video-preview:-1"},"canonical":"https:\/\/www.idp.es\/en\/enric-blasco-ha-participado-en-el-desayuno-coloquio-brasil-oportunidades-y-riesgos-en-el-actual-escenario-politico-economico\/","og_locale":"en_US","og_type":"article","og_title":"Enric Blasco has taken part at the colloquium BREAKFAST \u201cBrazil: Opportunities and risks in the current political-economic scenario\u201d - IDP - ingenier\u00eda \u00b7 medio ambiente \u00b7 arquitectura","og_description":"Enric Blasco president the IDP Engineering Group has taken part at the Colloquium Breakfast \u201cBrazil: Risks in the current Political-Economic Scenario\u201d organized by the prestigious law firm Roca Junyent and the Brazil-Catalonia Chamber of Commerce. In particular, he has intervened, together with Josep Barber\u00e0 CFO at Grupo Privalia with Juan Manuel Caserza Director General at [&hellip;]","og_url":"https:\/\/www.idp.es\/en\/enric-blasco-ha-participado-en-el-desayuno-coloquio-brasil-oportunidades-y-riesgos-en-el-actual-escenario-politico-economico\/","og_site_name":"IDP - ingenier\u00eda \u00b7 medio ambiente \u00b7 arquitectura","article_published_time":"2015-11-03T00:00:00+00:00","article_modified_time":"2022-09-21T15:49:40+00:00","og_image":[{"width":600,"height":400,"url":"https:\/\/www.idp.es\/wp-content\/uploads\/2018\/04\/cloquio-brasil.jpg","type":"image\/jpeg"}],"author":"idp","twitter_card":"summary_large_image","twitter_misc":{"Written by":"idp","Est. reading time":"2 minutes"},"schema":{"@context":"https:\/\/schema.org","@graph":[{"@type":"Article","@id":"https:\/\/www.idp.es\/en\/enric-blasco-ha-participado-en-el-desayuno-coloquio-brasil-oportunidades-y-riesgos-en-el-actual-escenario-politico-economico\/#article","isPartOf":{"@id":"https:\/\/www.idp.es\/en\/enric-blasco-ha-participado-en-el-desayuno-coloquio-brasil-oportunidades-y-riesgos-en-el-actual-escenario-politico-economico\/"},"author":{"name":"idp","@id":"https:\/\/www.idp.es\/en\/#\/schema\/person\/9b6c9c23f3938dbdb03b9944ebf4a88d"},"headline":"Enric Blasco has taken part at the colloquium BREAKFAST \u201cBrazil: Opportunities and risks in the current political-economic scenario\u201d","datePublished":"2015-11-03T00:00:00+00:00","dateModified":"2022-09-21T15:49:40+00:00","mainEntityOfPage":{"@id":"https:\/\/www.idp.es\/en\/enric-blasco-ha-participado-en-el-desayuno-coloquio-brasil-oportunidades-y-riesgos-en-el-actual-escenario-politico-economico\/"},"wordCount":204,"publisher":{"@id":"https:\/\/www.idp.es\/en\/#organization"},"image":{"@id":"https:\/\/www.idp.es\/en\/enric-blasco-ha-participado-en-el-desayuno-coloquio-brasil-oportunidades-y-riesgos-en-el-actual-escenario-politico-economico\/#primaryimage"},"thumbnailUrl":"https:\/\/www.idp.es\/wp-content\/uploads\/2018\/04\/cloquio-brasil.jpg","articleSection":["Corporate"],"inLanguage":"en-US"},{"@type":"WebPage","@id":"https:\/\/www.idp.es\/en\/enric-blasco-ha-participado-en-el-desayuno-coloquio-brasil-oportunidades-y-riesgos-en-el-actual-escenario-politico-economico\/","url":"https:\/\/www.idp.es\/en\/enric-blasco-ha-participado-en-el-desayuno-coloquio-brasil-oportunidades-y-riesgos-en-el-actual-escenario-politico-economico\/","name":"Enric Blasco has taken part at the colloquium BREAKFAST \u201cBrazil: Opportunities and risks in the current political-economic scenario\u201d - IDP - ingenier\u00eda \u00b7 medio ambiente \u00b7 arquitectura","isPartOf":{"@id":"https:\/\/www.idp.es\/en\/#website"},"primaryImageOfPage":{"@id":"https:\/\/www.idp.es\/en\/enric-blasco-ha-participado-en-el-desayuno-coloquio-brasil-oportunidades-y-riesgos-en-el-actual-escenario-politico-economico\/#primaryimage"},"image":{"@id":"https:\/\/www.idp.es\/en\/enric-blasco-ha-participado-en-el-desayuno-coloquio-brasil-oportunidades-y-riesgos-en-el-actual-escenario-politico-economico\/#primaryimage"},"thumbnailUrl":"https:\/\/www.idp.es\/wp-content\/uploads\/2018\/04\/cloquio-brasil.jpg","datePublished":"2015-11-03T00:00:00+00:00","dateModified":"2022-09-21T15:49:40+00:00","breadcrumb":{"@id":"https:\/\/www.idp.es\/en\/enric-blasco-ha-participado-en-el-desayuno-coloquio-brasil-oportunidades-y-riesgos-en-el-actual-escenario-politico-economico\/#breadcrumb"},"inLanguage":"en-US","potentialAction":[{"@type":"ReadAction","target":["https:\/\/www.idp.es\/en\/enric-blasco-ha-participado-en-el-desayuno-coloquio-brasil-oportunidades-y-riesgos-en-el-actual-escenario-politico-economico\/"]}]},{"@type":"ImageObject","inLanguage":"en-US","@id":"https:\/\/www.idp.es\/en\/enric-blasco-ha-participado-en-el-desayuno-coloquio-brasil-oportunidades-y-riesgos-en-el-actual-escenario-politico-economico\/#primaryimage","url":"https:\/\/www.idp.es\/wp-content\/uploads\/2018\/04\/cloquio-brasil.jpg","contentUrl":"https:\/\/www.idp.es\/wp-content\/uploads\/2018\/04\/cloquio-brasil.jpg","width":600,"height":400,"caption":"coloquio-brasil"},{"@type":"BreadcrumbList","@id":"https:\/\/www.idp.es\/en\/enric-blasco-ha-participado-en-el-desayuno-coloquio-brasil-oportunidades-y-riesgos-en-el-actual-escenario-politico-economico\/#breadcrumb","itemListElement":[{"@type":"ListItem","position":1,"name":"Portada","item":"https:\/\/www.idp.es\/en\/"},{"@type":"ListItem","position":2,"name":"Enric Blasco has taken part at the colloquium BREAKFAST \u201cBrazil: Opportunities and risks in the current political-economic scenario\u201d"}]},{"@type":"WebSite","@id":"https:\/\/www.idp.es\/en\/#website","url":"https:\/\/www.idp.es\/en\/","name":"IDP - ingenier\u00eda \u00b7 medio ambiente \u00b7 arquitectura","description":"IDP INGENIERIA Y ARQUITECTURA IBERIA SL","publisher":{"@id":"https:\/\/www.idp.es\/en\/#organization"},"potentialAction":[{"@type":"SearchAction","target":{"@type":"EntryPoint","urlTemplate":"https:\/\/www.idp.es\/en\/?s={search_term_string}"},"query-input":{"@type":"PropertyValueSpecification","valueRequired":true,"valueName":"search_term_string"}}],"inLanguage":"en-US"},{"@type":"Organization","@id":"https:\/\/www.idp.es\/en\/#organization","name":"IDP","url":"https:\/\/www.idp.es\/en\/","logo":{"@type":"ImageObject","inLanguage":"en-US","@id":"https:\/\/www.idp.es\/en\/#\/schema\/logo\/image\/","url":"https:\/\/www.idp.es\/wp-content\/uploads\/2018\/02\/logoIDP.jpg","contentUrl":"https:\/\/www.idp.es\/wp-content\/uploads\/2018\/02\/logoIDP.jpg","width":210,"height":65,"caption":"IDP"},"image":{"@id":"https:\/\/www.idp.es\/en\/#\/schema\/logo\/image\/"}},{"@type":"Person","@id":"https:\/\/www.idp.es\/en\/#\/schema\/person\/9b6c9c23f3938dbdb03b9944ebf4a88d","name":"idp","image":{"@type":"ImageObject","inLanguage":"en-US","@id":"https:\/\/www.idp.es\/en\/#\/schema\/person\/image\/","url":"https:\/\/secure.gravatar.com\/avatar\/d5f1a0538eeaa221effdfaa32960f0de2b098299d33ffbe9e2d4e4873ff020fa?s=96&d=mm&r=g","contentUrl":"https:\/\/secure.gravatar.com\/avatar\/d5f1a0538eeaa221effdfaa32960f0de2b098299d33ffbe9e2d4e4873ff020fa?s=96&d=mm&r=g","caption":"idp"},"url":"https:\/\/www.idp.es\/en\/author\/idp\/"}]}},"_links":{"self":[{"href":"https:\/\/www.idp.es\/en\/wp-json\/wp\/v2\/posts\/24383","targetHints":{"allow":["GET"]}}],"collection":[{"href":"https:\/\/www.idp.es\/en\/wp-json\/wp\/v2\/posts"}],"about":[{"href":"https:\/\/www.idp.es\/en\/wp-json\/wp\/v2\/types\/post"}],"author":[{"embeddable":true,"href":"https:\/\/www.idp.es\/en\/wp-json\/wp\/v2\/users\/15"}],"replies":[{"embeddable":true,"href":"https:\/\/www.idp.es\/en\/wp-json\/wp\/v2\/comments?post=24383"}],"version-history":[{"count":1,"href":"https:\/\/www.idp.es\/en\/wp-json\/wp\/v2\/posts\/24383\/revisions"}],"predecessor-version":[{"id":116987,"href":"https:\/\/www.idp.es\/en\/wp-json\/wp\/v2\/posts\/24383\/revisions\/116987"}],"wp:featuredmedia":[{"embeddable":true,"href":"https:\/\/www.idp.es\/en\/wp-json\/wp\/v2\/media\/17496"}],"wp:attachment":[{"href":"https:\/\/www.idp.es\/en\/wp-json\/wp\/v2\/media?parent=24383"}],"wp:term":[{"taxonomy":"category","embeddable":true,"href":"https:\/\/www.idp.es\/en\/wp-json\/wp\/v2\/categories?post=24383"},{"taxonomy":"post_tag","embeddable":true,"href":"https:\/\/www.idp.es\/en\/wp-json\/wp\/v2\/tags?post=24383"}],"curies":[{"name":"wp","href":"https:\/\/api.w.org\/{rel}","templated":true}]}}